

{"id":3726,"date":"2016-09-23T18:44:51","date_gmt":"2016-09-23T17:44:51","guid":{"rendered":"https:\/\/www.roodol.com\/carlos-coloma-bronce-en-rio-2\/"},"modified":"2017-04-08T14:06:40","modified_gmt":"2017-04-08T13:06:40","slug":"carlos-coloma-bronce-en-rio-2","status":"publish","type":"post","link":"https:\/\/www.roodol.com\/fr\/carlos-coloma-bronce-en-rio-2\/","title":{"rendered":"Carlos Coloma, bronce en R\u00edo"},"content":{"rendered":"<h2>El corredor riojano consigue el bronce en la prueba de ciclismo de monta\u00f1a. Su buen estado de forma le permiti\u00f3 hacerse con el tercer puesto.<\/h2>\n<p>Nuestro amigo Carlos Coloma fue tercero el d\u00eda 21 de agosto en la carrera masculina de ciclismo de monta\u00f1a de los Juegos Ol\u00edmpicos de R\u00edo 2016 y, con su bronce, elev\u00f3 a diecisiete el n\u00famero de medallas final de la delegaci\u00f3n espa\u00f1ola. El riojano, vig\u00e9simo octavo en su debut ol\u00edmpico en Pek\u00edn 2008 y sexto clasificado en Londres 2012, cerr\u00f3 su participaci\u00f3n en R\u00edo de Janeiro en la tercera posici\u00f3n por detr\u00e1s del suizo Nino Schurter y el checo Jaroslav Kulhavy, quienes se mostraron inaccesibles en la prueba disputada en el circuito de Deodoro.<\/p>\n<p>David Valero, con una excelente carrera de menos a m\u00e1s, quedaba noveno a 3:32, despu\u00e9s de haber rodado la \u00faltima vuelta entre los ocho mejores. En cuanto a Jos\u00e9 Antonio Hermida cerr\u00f3 en R\u00edo una extraordinaria carrera ol\u00edmpica, acabando decimoquinto a 4:53.<\/p>\n<p>Desde el inicio de la carrera el suizo Nino Schurter era claro candidato a la medalla de oro tras verse favorecido por los problemas de grandes rivales como el doble campe\u00f3n ol\u00edmpico en Atenas y Pek\u00edn, el franc\u00e9s Julien Absalon, que sufri\u00f3 un pinchazo. Aunque una de las im\u00e1genes de la carrera fue el eslovaco Peter Sagan -campe\u00f3n del mundo de ciclismo en ruta- que adelant\u00f3 42 posiciones para colocarse en la octava plaza tras salir desde la \u00faltima l\u00ednea.<\/p>\n<p>Tambi\u00e9n hay que destacar los Juegos Paral\u00edmpicos de R\u00edo de Janeiro celebrados entre el 7 y 18 de setiembre que se han cerrado con 31 medallas para Espa\u00f1a.<\/p>\n<p>Una de las buenas noticias para el ciclismo espa\u00f1ol es que, se consigui\u00f3 una plata en ruta con el t\u00e1ndem formado por Ignacio \u00c1vila y su gu\u00eda Joan Font, y en el vel\u00f3dromo las medallas ganadas fueron dos bronces. Uno por equipos en los 750 metros de velocidad y otro con Alfonso Cabello en el kil\u00f3metro en pista.<\/p>\n<p>\u00a1Felicidades a todos por estas medallas tan merecidas!<\/p>\n<p><img loading=\"lazy\" class=\"size-full wp-image-3003 aligncenter\" src=\"https:\/\/www.roodol.com\/wp-content\/uploads\/Blog-imatge-secundaria800x550rio2016.jpg\" alt=\"carlos coloma bronze\" width=\"830\" height=\"550\" srcset=\"https:\/\/www.roodol.com\/wp-content\/uploads\/Blog-imatge-secundaria800x550rio2016.jpg 830w, https:\/\/www.roodol.com\/wp-content\/uploads\/Blog-imatge-secundaria800x550rio2016-500x331.jpg 500w\" sizes=\"(max-width: 830px) 100vw, 830px\" \/><\/p>\n<p>&nbsp;<\/p>\n","protected":false},"excerpt":{"rendered":"<p>El corredor riojano consigue el bronce en la prueba de ciclismo de monta\u00f1a. Su buen estado de forma le permiti\u00f3 hacerse con el tercer puesto. Nuestro amigo Carlos Coloma fue tercero el d\u00eda 21 de agosto en la carrera masculina de ciclismo de monta\u00f1a de los Juegos Ol\u00edmpicos de R\u00edo 2016 y, con su bronce, elev\u00f3 a diecisiete el n\u00famero [&hellip;]<\/p>\n","protected":false},"author":1,"featured_media":3006,"comment_status":"closed","ping_status":"closed","sticky":false,"template":"","format":"standard","meta":[],"categories":[259],"tags":[154],"yoast_head":"<!-- This site is optimized with the Yoast SEO plugin v19.7.1 - https:\/\/yoast.com\/wordpress\/plugins\/seo\/ -->\n<title>Carlos Coloma, bronce en R\u00edo - RooDol<\/title>\n<meta name=\"robots\" content=\"index, follow, max-snippet:-1, max-image-preview:large, max-video-preview:-1\" \/>\n<link rel=\"canonical\" href=\"https:\/\/www.roodol.com\/fr\/es\/carlos-coloma-bronce-en-rio-2\/\" \/>\n<meta property=\"og:locale\" content=\"fr_FR\" \/>\n<meta property=\"og:type\" content=\"article\" \/>\n<meta property=\"og:title\" content=\"Carlos Coloma, bronce en R\u00edo - RooDol\" \/>\n<meta property=\"og:description\" content=\"El corredor riojano consigue el bronce en la prueba de ciclismo de monta\u00f1a. Su buen estado de forma le permiti\u00f3 hacerse con el tercer puesto. Nuestro amigo Carlos Coloma fue tercero el d\u00eda 21 de agosto en la carrera masculina de ciclismo de monta\u00f1a de los Juegos Ol\u00edmpicos de R\u00edo 2016 y, con su bronce, elev\u00f3 a diecisiete el n\u00famero [&hellip;]\" \/>\n<meta property=\"og:url\" content=\"https:\/\/www.roodol.com\/es\/carlos-coloma-bronce-en-rio-2\/\" \/>\n<meta property=\"og:site_name\" content=\"RooDol\" \/>\n<meta property=\"article:published_time\" content=\"2016-09-23T17:44:51+00:00\" \/>\n<meta property=\"article:modified_time\" content=\"2017-04-08T13:06:40+00:00\" \/>\n<meta property=\"og:image\" content=\"https:\/\/www.roodol.com\/wp-content\/uploads\/Blogimatge-principal415x415rio2016.jpg\" \/>\n\t<meta property=\"og:image:width\" content=\"415\" \/>\n\t<meta property=\"og:image:height\" content=\"415\" \/>\n\t<meta property=\"og:image:type\" content=\"image\/jpeg\" \/>\n<meta name=\"author\" content=\"webiseny\" \/>\n<meta name=\"twitter:card\" content=\"summary\" \/>\n<meta name=\"twitter:label1\" content=\"\u00c9crit par\" \/>\n\t<meta name=\"twitter:data1\" content=\"webiseny\" \/>\n\t<meta name=\"twitter:label2\" content=\"Dur\u00e9e de lecture estim\u00e9e\" \/>\n\t<meta name=\"twitter:data2\" content=\"2 minutes\" \/>\n<script type=\"application\/ld+json\" class=\"yoast-schema-graph\">{\"@context\":\"https:\/\/schema.org\",\"@graph\":[{\"@type\":\"Article\",\"@id\":\"https:\/\/www.roodol.com\/es\/carlos-coloma-bronce-en-rio-2\/#article\",\"isPartOf\":{\"@id\":\"https:\/\/www.roodol.com\/es\/carlos-coloma-bronce-en-rio-2\/\"},\"author\":{\"name\":\"webiseny\",\"@id\":\"https:\/\/www.roodol.com\/#\/schema\/person\/f67639cc3e28bd7bb24128f4935b45d3\"},\"headline\":\"Carlos Coloma, bronce en R\u00edo\",\"datePublished\":\"2016-09-23T17:44:51+00:00\",\"dateModified\":\"2017-04-08T13:06:40+00:00\",\"mainEntityOfPage\":{\"@id\":\"https:\/\/www.roodol.com\/es\/carlos-coloma-bronce-en-rio-2\/\"},\"wordCount\":366,\"publisher\":{\"@id\":\"https:\/\/www.roodol.com\/#organization\"},\"keywords\":[\"smartphones\"],\"articleSection\":[\"Actualit\u00e9\"],\"inLanguage\":\"fr-FR\"},{\"@type\":\"WebPage\",\"@id\":\"https:\/\/www.roodol.com\/es\/carlos-coloma-bronce-en-rio-2\/\",\"url\":\"https:\/\/www.roodol.com\/es\/carlos-coloma-bronce-en-rio-2\/\",\"name\":\"Carlos Coloma, bronce en R\u00edo - RooDol\",\"isPartOf\":{\"@id\":\"https:\/\/www.roodol.com\/#website\"},\"datePublished\":\"2016-09-23T17:44:51+00:00\",\"dateModified\":\"2017-04-08T13:06:40+00:00\",\"breadcrumb\":{\"@id\":\"https:\/\/www.roodol.com\/es\/carlos-coloma-bronce-en-rio-2\/#breadcrumb\"},\"inLanguage\":\"fr-FR\",\"potentialAction\":[{\"@type\":\"ReadAction\",\"target\":[\"https:\/\/www.roodol.com\/es\/carlos-coloma-bronce-en-rio-2\/\"]}]},{\"@type\":\"BreadcrumbList\",\"@id\":\"https:\/\/www.roodol.com\/es\/carlos-coloma-bronce-en-rio-2\/#breadcrumb\",\"itemListElement\":[{\"@type\":\"ListItem\",\"position\":1,\"name\":\"Portada\",\"item\":\"https:\/\/www.roodol.com\/fr\/\"},{\"@type\":\"ListItem\",\"position\":2,\"name\":\"Carlos Coloma, bronce en R\u00edo\"}]},{\"@type\":\"WebSite\",\"@id\":\"https:\/\/www.roodol.com\/#website\",\"url\":\"https:\/\/www.roodol.com\/\",\"name\":\"RooDol\",\"description\":\"Bike Trainers\",\"publisher\":{\"@id\":\"https:\/\/www.roodol.com\/#organization\"},\"potentialAction\":[{\"@type\":\"SearchAction\",\"target\":{\"@type\":\"EntryPoint\",\"urlTemplate\":\"https:\/\/www.roodol.com\/?s={search_term_string}\"},\"query-input\":\"required name=search_term_string\"}],\"inLanguage\":\"fr-FR\"},{\"@type\":\"Organization\",\"@id\":\"https:\/\/www.roodol.com\/#organization\",\"name\":\"RooDol\",\"url\":\"https:\/\/www.roodol.com\/\",\"sameAs\":[],\"logo\":{\"@type\":\"ImageObject\",\"inLanguage\":\"fr-FR\",\"@id\":\"https:\/\/www.roodol.com\/#\/schema\/logo\/image\/\",\"url\":\"https:\/\/www.roodol.com\/wp-content\/uploads\/Logo-BLANCO-1.png\",\"contentUrl\":\"https:\/\/www.roodol.com\/wp-content\/uploads\/Logo-BLANCO-1.png\",\"width\":7554,\"height\":3544,\"caption\":\"RooDol\"},\"image\":{\"@id\":\"https:\/\/www.roodol.com\/#\/schema\/logo\/image\/\"}},{\"@type\":\"Person\",\"@id\":\"https:\/\/www.roodol.com\/#\/schema\/person\/f67639cc3e28bd7bb24128f4935b45d3\",\"name\":\"webiseny\",\"image\":{\"@type\":\"ImageObject\",\"inLanguage\":\"fr-FR\",\"@id\":\"https:\/\/www.roodol.com\/#\/schema\/person\/image\/\",\"url\":\"https:\/\/secure.gravatar.com\/avatar\/45b4ef334e55981d8f4be8211fe32645?s=96&d=mm&r=g\",\"contentUrl\":\"https:\/\/secure.gravatar.com\/avatar\/45b4ef334e55981d8f4be8211fe32645?s=96&d=mm&r=g\",\"caption\":\"webiseny\"},\"url\":\"https:\/\/www.roodol.com\"}]}<\/script>\n<!-- \/ Yoast SEO plugin. -->","yoast_head_json":{"title":"Carlos Coloma, bronce en R\u00edo - RooDol","robots":{"index":"index","follow":"follow","max-snippet":"max-snippet:-1","max-image-preview":"max-image-preview:large","max-video-preview":"max-video-preview:-1"},"canonical":"https:\/\/www.roodol.com\/fr\/es\/carlos-coloma-bronce-en-rio-2\/","og_locale":"fr_FR","og_type":"article","og_title":"Carlos Coloma, bronce en R\u00edo - RooDol","og_description":"El corredor riojano consigue el bronce en la prueba de ciclismo de monta\u00f1a. Su buen estado de forma le permiti\u00f3 hacerse con el tercer puesto. Nuestro amigo Carlos Coloma fue tercero el d\u00eda 21 de agosto en la carrera masculina de ciclismo de monta\u00f1a de los Juegos Ol\u00edmpicos de R\u00edo 2016 y, con su bronce, elev\u00f3 a diecisiete el n\u00famero [&hellip;]","og_url":"https:\/\/www.roodol.com\/es\/carlos-coloma-bronce-en-rio-2\/","og_site_name":"RooDol","article_published_time":"2016-09-23T17:44:51+00:00","article_modified_time":"2017-04-08T13:06:40+00:00","og_image":[{"width":415,"height":415,"url":"https:\/\/www.roodol.com\/wp-content\/uploads\/Blogimatge-principal415x415rio2016.jpg","type":"image\/jpeg"}],"author":"webiseny","twitter_card":"summary","twitter_misc":{"\u00c9crit par":"webiseny","Dur\u00e9e de lecture estim\u00e9e":"2 minutes"},"schema":{"@context":"https:\/\/schema.org","@graph":[{"@type":"Article","@id":"https:\/\/www.roodol.com\/es\/carlos-coloma-bronce-en-rio-2\/#article","isPartOf":{"@id":"https:\/\/www.roodol.com\/es\/carlos-coloma-bronce-en-rio-2\/"},"author":{"name":"webiseny","@id":"https:\/\/www.roodol.com\/#\/schema\/person\/f67639cc3e28bd7bb24128f4935b45d3"},"headline":"Carlos Coloma, bronce en R\u00edo","datePublished":"2016-09-23T17:44:51+00:00","dateModified":"2017-04-08T13:06:40+00:00","mainEntityOfPage":{"@id":"https:\/\/www.roodol.com\/es\/carlos-coloma-bronce-en-rio-2\/"},"wordCount":366,"publisher":{"@id":"https:\/\/www.roodol.com\/#organization"},"keywords":["smartphones"],"articleSection":["Actualit\u00e9"],"inLanguage":"fr-FR"},{"@type":"WebPage","@id":"https:\/\/www.roodol.com\/es\/carlos-coloma-bronce-en-rio-2\/","url":"https:\/\/www.roodol.com\/es\/carlos-coloma-bronce-en-rio-2\/","name":"Carlos Coloma, bronce en R\u00edo - RooDol","isPartOf":{"@id":"https:\/\/www.roodol.com\/#website"},"datePublished":"2016-09-23T17:44:51+00:00","dateModified":"2017-04-08T13:06:40+00:00","breadcrumb":{"@id":"https:\/\/www.roodol.com\/es\/carlos-coloma-bronce-en-rio-2\/#breadcrumb"},"inLanguage":"fr-FR","potentialAction":[{"@type":"ReadAction","target":["https:\/\/www.roodol.com\/es\/carlos-coloma-bronce-en-rio-2\/"]}]},{"@type":"BreadcrumbList","@id":"https:\/\/www.roodol.com\/es\/carlos-coloma-bronce-en-rio-2\/#breadcrumb","itemListElement":[{"@type":"ListItem","position":1,"name":"Portada","item":"https:\/\/www.roodol.com\/fr\/"},{"@type":"ListItem","position":2,"name":"Carlos Coloma, bronce en R\u00edo"}]},{"@type":"WebSite","@id":"https:\/\/www.roodol.com\/#website","url":"https:\/\/www.roodol.com\/","name":"RooDol","description":"Bike Trainers","publisher":{"@id":"https:\/\/www.roodol.com\/#organization"},"potentialAction":[{"@type":"SearchAction","target":{"@type":"EntryPoint","urlTemplate":"https:\/\/www.roodol.com\/?s={search_term_string}"},"query-input":"required name=search_term_string"}],"inLanguage":"fr-FR"},{"@type":"Organization","@id":"https:\/\/www.roodol.com\/#organization","name":"RooDol","url":"https:\/\/www.roodol.com\/","sameAs":[],"logo":{"@type":"ImageObject","inLanguage":"fr-FR","@id":"https:\/\/www.roodol.com\/#\/schema\/logo\/image\/","url":"https:\/\/www.roodol.com\/wp-content\/uploads\/Logo-BLANCO-1.png","contentUrl":"https:\/\/www.roodol.com\/wp-content\/uploads\/Logo-BLANCO-1.png","width":7554,"height":3544,"caption":"RooDol"},"image":{"@id":"https:\/\/www.roodol.com\/#\/schema\/logo\/image\/"}},{"@type":"Person","@id":"https:\/\/www.roodol.com\/#\/schema\/person\/f67639cc3e28bd7bb24128f4935b45d3","name":"webiseny","image":{"@type":"ImageObject","inLanguage":"fr-FR","@id":"https:\/\/www.roodol.com\/#\/schema\/person\/image\/","url":"https:\/\/secure.gravatar.com\/avatar\/45b4ef334e55981d8f4be8211fe32645?s=96&d=mm&r=g","contentUrl":"https:\/\/secure.gravatar.com\/avatar\/45b4ef334e55981d8f4be8211fe32645?s=96&d=mm&r=g","caption":"webiseny"},"url":"https:\/\/www.roodol.com"}]}},"_links":{"self":[{"href":"https:\/\/www.roodol.com\/fr\/wp-json\/wp\/v2\/posts\/3726"}],"collection":[{"href":"https:\/\/www.roodol.com\/fr\/wp-json\/wp\/v2\/posts"}],"about":[{"href":"https:\/\/www.roodol.com\/fr\/wp-json\/wp\/v2\/types\/post"}],"author":[{"embeddable":true,"href":"https:\/\/www.roodol.com\/fr\/wp-json\/wp\/v2\/users\/1"}],"replies":[{"embeddable":true,"href":"https:\/\/www.roodol.com\/fr\/wp-json\/wp\/v2\/comments?post=3726"}],"version-history":[{"count":2,"href":"https:\/\/www.roodol.com\/fr\/wp-json\/wp\/v2\/posts\/3726\/revisions"}],"predecessor-version":[{"id":4661,"href":"https:\/\/www.roodol.com\/fr\/wp-json\/wp\/v2\/posts\/3726\/revisions\/4661"}],"wp:featuredmedia":[{"embeddable":true,"href":"https:\/\/www.roodol.com\/fr\/wp-json\/wp\/v2\/media\/3006"}],"wp:attachment":[{"href":"https:\/\/www.roodol.com\/fr\/wp-json\/wp\/v2\/media?parent=3726"}],"wp:term":[{"taxonomy":"category","embeddable":true,"href":"https:\/\/www.roodol.com\/fr\/wp-json\/wp\/v2\/categories?post=3726"},{"taxonomy":"post_tag","embeddable":true,"href":"https:\/\/www.roodol.com\/fr\/wp-json\/wp\/v2\/tags?post=3726"}],"curies":[{"name":"wp","href":"https:\/\/api.w.org\/{rel}","templated":true}]}}